{"id":4228,"date":"2024-12-10T12:36:59","date_gmt":"2024-12-10T11:36:59","guid":{"rendered":"https:\/\/www.schuetzgesellschaft.de\/?p=4228"},"modified":"2024-12-10T13:15:06","modified_gmt":"2024-12-10T12:15:06","slug":"acta-sagittariana-03-2024-weihnachtsgruss-des-praesidenten","status":"publish","type":"post","link":"https:\/\/www.schuetzgesellschaft.de\/?p=4228","title":{"rendered":"Acta Sagittariana (03\/2024): Weihnachtsgru\u00df des Pr\u00e4sidenten"},"content":{"rendered":"\n<p>Liebe Mitglieder der Internationalen Heinrich-Sch\u00fctz-Gesellschaft,<br>liebe Newsletter-Abonnenten,<\/p>\n\n\n\n<p>zum Jahresende m\u00f6chte ich Ihnen heute noch einmal \u00fcber den Verlauf des vergangenen 53. Internationalen Heinrich-Sch\u00fctz-Festes sowie \u00fcber weitere Neuigkeiten aus unserer Gesellschaft berichten.<\/p>\n\n\n\n<p>Das <strong>53. Internationale Heinrich-Sch\u00fctz-Fest &#8220;Klangweiter Raum&#8221;<\/strong>, das wir gemeinsam mit und im Rahmen des mixTour Festivals feiern durften, fand vom 26.\u201329. September 2024 in Lemgo statt. Die letzten Male waren wir dort im Jahr 1964 (<a href=\"https:\/\/www.schuetzgesellschaft.de\/wp-content\/uploads\/IHSF\/IHSF_Archiv\/ISG_1964_IHSF_Programmheft.pdf\" target=\"_blank\" rel=\"noreferrer noopener\">17. Internationales Heinrich-Sch\u00fctz-Fest<\/a>) sowie 1983 mit einer Arbeitstagung (<a href=\"https:\/\/www.schuetzgesellschaft.de\/wp-content\/uploads\/IHSF\/IHSF_Archiv\/ISG_1983_IHSF_Programmflyer_Lemgo.pdf\" target=\"_blank\" rel=\"noreferrer noopener\">&#8220;Heinrich Sch\u00fctz &#8211; Johannes Brahms&#8221;<\/a>) zu Gast und die besondere Atmosph\u00e4re der Alten Hansestadt Lemgo sowie die die hervorragende Zusammenarbeit mit unseren Lemgoer Kooperationspartnern l\u00e4sst uns hoffen, dass wir nicht wieder vierzig Jahre warten m\u00fcssen, bis wir erneut in die Alte Hansestadt Lemgo zur\u00fcckkehren.<\/p>\n\n\n\n<p>Er\u00f6ffnet wurde das Sch\u00fctz-Fest am 26.09. mit einem Festvortrag von <strong>Prof. Dr. Detlef Haberland<\/strong> im Alten Rathaus, der uns den Weltreisenden und wohl bedeutendsten Sohn der Stadt Engelbert Kaempfer (1651\u20131716) vorstellte und von Lautenst\u00fccken, dargeboten von Ulrich Wedemeier, aus der Sammlung des Engelbert Kaempfer umrahmt wurde. Am Abend nahm uns das <strong>Europ\u00e4ische Hanse-Ensemble<\/strong> unter der Leitung von Prof. Dr. Manfred Cordes mit auf eine erste musikalische Reise in der Kirche St. Marien, die uns &#8220;Nordw\u00e4rts &#8211; Aus Dresden in die Hansest\u00e4dte&#8221; f\u00fchrte. Am Freitag, den 27.09. folgten wir dem <strong>Johann Rosenm\u00fcller Ensemble<\/strong>, das uns gemeinsam mit persischen und japanischen Musikern, auf eine &#8220;Musikalische Weltreise mit Engelbert Kaempfer&#8221; nahm. Das Konzert fand in der Kirche St. Nikolai statt, in der Engelbert Kaempfer seine letzte Ruhest\u00e4tte fand. Das Abschlusskonzert des Ensemble <strong>Concerto Farinelli<\/strong> unter der Leitung von Volker M\u00fchlberg im Schloss Brake f\u00fchrte uns schlie\u00dflich unter dem Titel &#8220;Heinrich Sch\u00fctz und Italien&#8221; von Deutschland aus nach Venedig und wieder zur\u00fcck.<\/p>\n\n\n\n<p>Erg\u00e4nzend bot uns das von Prof. Dr. Michael Meyer organisierte und von ihm geleitete Symposion <strong>&#8220;Musik und Kulturtransfer im sp\u00e4ten 16. und 17. Jahrhundert&#8221;<\/strong> (27. &amp; 28.09.) eine Reihe von erg\u00e4nzenden und ausgesprochen erkenntnisreichen Vortr\u00e4gen international renommierter Musik- und Geisteswissenschaftler. Die hier zu h\u00f6renden Vortr\u00e4ge werden wie \u00fcblich in der n\u00e4chsten Ausgabe des Sch\u00fctz-Jahrbuchs nachzulesen sein.<\/p>\n\n\n\n<p>Im Rahmen unserer <strong>Mitgliederversammlung <\/strong>(28.09.) wurde ein neuer <strong>Vorstand <\/strong>gew\u00e4hlt, der nun aus mir, Arno Paduch (Wunstdorf), Diana Rothaug (Kassel), Prof. Dr. Michael Meyer (Trossingen) sowie Dr. Vera L\u00fcpkes (Lemgo) besteht. Auch der <strong>Beirat <\/strong>wurde neu gew\u00e4hlt und besteht nun aus unseren Mitgliedern Friederike B\u00f6cher M.A. (Bad K\u00f6stritz), Tobias Gebauer (Kassel), Dr. Beate Agnes Schmidt (Nashville), Dr. Peter Schmitz (M\u00fcnster), Prof. Dr. Bettina Varwig (Cambridge), Prof. Dr. Walter Werbeck (H\u00f6xter) sowie Prof. Dr. Barabara Wiermann (Leipzig). Ich danke allen neu gew\u00e4hlten Vorstands- und Beiratsmitgliedern im Namen der gesamten Gesellschaft f\u00fcr Ihre Bereitschaft, sich zuk\u00fcnftig noch intensiver f\u00fcr die ISG zu engagieren. Ebenso den aus Vorstand und Beirat scheidenden Mitgliedern, allen voran Dr. Jutta Schmoll-Barthel und Prof. Dr. J\u00fcrgen Heidrich, die ihre langj\u00e4hrige Mitarbeit im Vorstand auf eigenen Wunsch beenden.<\/p>\n\n\n\n<p>Mit rund 770 Konzertbesuchern und zahlreichen Teilnehmern aus den Reihen unserer Gesellschaft, darunter auch aus Japan und der Schweiz, d\u00fcrfen wir von einem sehr erfolgreichen Internationalen Heinrich-Sch\u00fctz-Fest sprechen, wor\u00fcber ich mich sehr freue. Einen <a href=\"https:\/\/www.schuetzgesellschaft.de\/wp-content\/uploads\/2024\/IHSF_2024_Downloads\/ISG_2024_IHSF_Pressespiegel.pdf\" target=\"_blank\" rel=\"noreferrer noopener\">Pressespiegel<\/a> finden Sie hier.<\/p>\n\n\n\n<p>Aus den Reihen unserer Mitglieder erreichte uns kurz vor Beginn des Sch\u00fctz-Festes die Nachricht, dass unser Ehrenmitglied <strong>Prof. Dr. \u00c9dith Weber<\/strong> am 5. Juli 2024 im Alter von 98 Jahren in Paris verstorben ist. Unsere Gesellschaft wird das Andenken an sie in Ehren halten. Einen von Prof. Dr. Walter Werbeck verfassten Nachruf finden Sie <a href=\"https:\/\/www.schuetzgesellschaft.de\/?p=4215\" target=\"_blank\" rel=\"noreferrer noopener\">hier<\/a>.<\/p>\n\n\n\n<p>Einen <strong>Sektionsbericht der American Heinrich Sch\u00fctz Society<\/strong> von Prof. Dr. Arne Spohr finden Sie <a href=\"https:\/\/www.schuetzgesellschaft.de\/?p=4224\" target=\"_blank\" rel=\"noreferrer noopener\">hier<\/a>.<\/p>\n\n\n\n<p>Einen besonderen und herzlichen Dank m\u00f6chte ich Prof. Dr. Michael Meyer aussprechen, dessen unerm\u00fcdlicher Arbeit wir erneut ein wunderbares <strong>Sch\u00fctz-Jahrbuch (45. Jahrgang 2023)<\/strong> zu verdanken haben. Ebenso unserem Ehrenmitglied Prof. Dr. Gerhard Aum\u00fcller sowie Karl-Hermann Wegner vom Verein f\u00fcr hessische Geschichte und Landeskunde, deren pers\u00f6nlichen Einsatz wir es zu verdanken haben, dass am 5. Mai 2024 eine von Prof. Dr. Adolf-Friedrich Holstein gestaltete <strong>Gedenktafel f\u00fcr Heinrich Sch\u00fctz<\/strong> an der Alten Br\u00fcderkirche in Kassel angebracht werden konnte. Ein Video zu deren offizieller Einweihung finden Sie <a href=\"https:\/\/www.youtube.com\/watch?v=reJifUsomXc\" target=\"_blank\" rel=\"noreferrer noopener\">hier<\/a>.<\/p>\n\n\n\n<p>Unsere n\u00e4chsten Internationalen Heinrich-Sch\u00fctz-Feste planen wir f\u00fcr den Zeitraum <strong>2.\u20135.Oktober 2025 in Bad K\u00f6stritz<\/strong> und <strong>18.\u201321. Juni 2026 in Freudenstadt<\/strong> zu feiern und es w\u00fcrde mich sehr freuen, wenn wir uns pers\u00f6nlich dort begegnen.<\/p>\n\n\n\n<p>Bis dahin verbleibe ich mit den besten W\u00fcnschen f\u00fcr ein friedvolles Weihnachtsfest und den anstehenden Jahreswechsel. Kommen Sie gesund und zuversichtlich in das neue Jahr!<\/p>\n\n\n\n<p>Mit herzlichen Gr\u00fc\u00dfen<\/p>\n\n\n\n<p>Arno Paduch<br><em>Pr\u00e4sident<\/em><\/p>\n","protected":false},"excerpt":{"rendered":"<p>Liebe Mitglieder der Internationalen Heinrich-Sch\u00fctz-Gesellschaft,liebe Newsletter-Abonnenten, zum Jahresende m\u00f6chte ich Ihnen heute noch einmal \u00fcber den Verlauf des vergangenen 53. Internationalen Heinrich-Sch\u00fctz-Festes sowie \u00fcber weitere Neuigkeiten aus unserer Gesellschaft berichten. Das 53. Internationale Heinrich-Sch\u00fctz-Fest &#8220;Klangweiter Raum&#8221;, das wir gemeinsam mit und im Rahmen des mixTour Festivals feiern durften, fand vom 26.\u201329. September 2024 in Lemgo &#8230; <a title=\"Acta Sagittariana (03\/2024): Weihnachtsgru\u00df des Pr\u00e4sidenten\" class=\"read-more\" href=\"https:\/\/www.schuetzgesellschaft.de\/?p=4228\" aria-label=\"Mehr Informationen \u00fcber Acta Sagittariana (03\/2024): Weihnachtsgru\u00df des Pr\u00e4sidenten\">mehr<\/a><\/p>\n","protected":false},"author":1,"featured_media":0,"comment_status":"closed","ping_status":"open","sticky":false,"template":"","format":"standard","meta":{"footnotes":""},"categories":[1],"tags":[],"class_list":["post-4228","post","type-post","status-publish","format-standard","hentry","category-unkategorisiert","no-featured-image-padding"],"_links":{"self":[{"href":"https:\/\/www.schuetzgesellschaft.de\/index.php?rest_route=\/wp\/v2\/posts\/4228","targetHints":{"allow":["GET"]}}],"collection":[{"href":"https:\/\/www.schuetzgesellschaft.de\/index.php?rest_route=\/wp\/v2\/posts"}],"about":[{"href":"https:\/\/www.schuetzgesellschaft.de\/index.php?rest_route=\/wp\/v2\/types\/post"}],"author":[{"embeddable":true,"href":"https:\/\/www.schuetzgesellschaft.de\/index.php?rest_route=\/wp\/v2\/users\/1"}],"replies":[{"embeddable":true,"href":"https:\/\/www.schuetzgesellschaft.de\/index.php?rest_route=%2Fwp%2Fv2%2Fcomments&post=4228"}],"version-history":[{"count":2,"href":"https:\/\/www.schuetzgesellschaft.de\/index.php?rest_route=\/wp\/v2\/posts\/4228\/revisions"}],"predecessor-version":[{"id":4230,"href":"https:\/\/www.schuetzgesellschaft.de\/index.php?rest_route=\/wp\/v2\/posts\/4228\/revisions\/4230"}],"wp:attachment":[{"href":"https:\/\/www.schuetzgesellschaft.de\/index.php?rest_route=%2Fwp%2Fv2%2Fmedia&parent=4228"}],"wp:term":[{"taxonomy":"category","embeddable":true,"href":"https:\/\/www.schuetzgesellschaft.de\/index.php?rest_route=%2Fwp%2Fv2%2Fcategories&post=4228"},{"taxonomy":"post_tag","embeddable":true,"href":"https:\/\/www.schuetzgesellschaft.de\/index.php?rest_route=%2Fwp%2Fv2%2Ftags&post=4228"}],"curies":[{"name":"wp","href":"https:\/\/api.w.org\/{rel}","templated":true}]}}