{"id":140,"date":"2019-02-04T16:24:35","date_gmt":"2019-02-04T15:24:35","guid":{"rendered":"https:\/\/www.schuetzgesellschaft.de\/?p=140"},"modified":"2019-05-29T16:28:34","modified_gmt":"2019-05-29T14:28:34","slug":"50-internationales-heinrich-schuetz-fest-2019","status":"publish","type":"post","link":"https:\/\/www.schuetzgesellschaft.de\/?p=140","title":{"rendered":"50. Internationales Heinrich-Sch\u00fctz-Fest 2019"},"content":{"rendered":"\n<p class=\"wp-block-paragraph\">Liebe Mitglieder der Internationalen Heinrich-Sch\u00fctz-Gesellschaft, <\/p>\n\n\n\n<p class=\"wp-block-paragraph\">Sie erhalten Anfang Juni auf dem  gewohnten Postweg alle Informationen zum 50. Internationalen  Heinrich-Sch\u00fctz-Fest, das vom 10.-13. Oktober 2019 in Karlsruhe  stattfinden wird. Um allen Mitgliedern der ISG eine fr\u00fchzeitige Planung  zu erm\u00f6glichen, m\u00f6chte ich Ihnen auf diesem Weg schon die Rahmenzeiten  mitteilen. Die Er\u00f6ffnungsveranstaltung wird am Donnerstag, dem 10.  Oktober 2019 um 16.00 Uhr in Schloss Karlsburg in Karlsruhe-Durlach  stattfinden, das Er\u00f6ffnungskonzert am gleichen Tag um 20.00 Uhr in der  Stadtkirche in Karlsruhe-Durlach. Die Mitgliederversammlung ist f\u00fcr  Freitag, dem 11. Oktober nachmittags geplant. Enden wird das Sch\u00fctz-Fest  am Sonntag, dem 13. Oktober mit einem Bl\u00e4serkonzert um etwa 11.45 Uhr,  im Anschluss an den traditionellen Abschlussgottesdienst. Au\u00dfer den  genannten Veranstaltungen erwarten Sie ein wissenschaftliches Symposium  und weitere Konzerte. <\/p>\n\n\n\n<p class=\"wp-block-paragraph\">Karlsruhe ist sehr gut in das europ\u00e4ische \nSchnellbahnnetz integriert und mit dem Zug in etwas mehr als einer \nStunde vom Internationalen Flughafen Frankfurt am Main zu erreichen. F\u00fcr\n unsere Mitglieder mit Wohnsitz im Ausland also beste Bedingungen.\n<\/p>\n\n\n\n<p class=\"wp-block-paragraph\">Es w\u00fcrde mich sehr freuen, Sie im Oktober in Karlsruhe begr\u00fc\u00dfen zu k\u00f6nnen.\n<\/p>\n\n\n\n<p class=\"wp-block-paragraph\">Bis dahin verbleibe ich mit den besten W\u00fcnschen\n<\/p>\n\n\n\n<p class=\"wp-block-paragraph\">Ihr<br>Arno Paduch<\/p>\n","protected":false},"excerpt":{"rendered":"<p>Liebe Mitglieder der Internationalen Heinrich-Sch\u00fctz-Gesellschaft, Sie erhalten Anfang Juni auf dem gewohnten Postweg alle Informationen zum 50. Internationalen Heinrich-Sch\u00fctz-Fest, das vom 10.-13. Oktober 2019 in Karlsruhe stattfinden wird. Um allen Mitgliedern der ISG eine fr\u00fchzeitige Planung zu erm\u00f6glichen, m\u00f6chte ich Ihnen auf diesem Weg schon die Rahmenzeiten mitteilen. Die Er\u00f6ffnungsveranstaltung wird am Donnerstag, dem 10. &#8230; <a title=\"50. Internationales Heinrich-Sch\u00fctz-Fest 2019\" class=\"read-more\" href=\"https:\/\/www.schuetzgesellschaft.de\/?p=140\" aria-label=\"Mehr Informationen \u00fcber 50. Internationales Heinrich-Sch\u00fctz-Fest 2019\">mehr<\/a><\/p>\n","protected":false},"author":1,"featured_media":0,"comment_status":"closed","ping_status":"closed","sticky":false,"template":"","format":"standard","meta":{"footnotes":""},"categories":[1],"tags":[],"class_list":["post-140","post","type-post","status-publish","format-standard","hentry","category-unkategorisiert","no-featured-image-padding"],"_links":{"self":[{"href":"https:\/\/www.schuetzgesellschaft.de\/index.php?rest_route=\/wp\/v2\/posts\/140","targetHints":{"allow":["GET"]}}],"collection":[{"href":"https:\/\/www.schuetzgesellschaft.de\/index.php?rest_route=\/wp\/v2\/posts"}],"about":[{"href":"https:\/\/www.schuetzgesellschaft.de\/index.php?rest_route=\/wp\/v2\/types\/post"}],"author":[{"embeddable":true,"href":"https:\/\/www.schuetzgesellschaft.de\/index.php?rest_route=\/wp\/v2\/users\/1"}],"replies":[{"embeddable":true,"href":"https:\/\/www.schuetzgesellschaft.de\/index.php?rest_route=%2Fwp%2Fv2%2Fcomments&post=140"}],"version-history":[{"count":1,"href":"https:\/\/www.schuetzgesellschaft.de\/index.php?rest_route=\/wp\/v2\/posts\/140\/revisions"}],"predecessor-version":[{"id":141,"href":"https:\/\/www.schuetzgesellschaft.de\/index.php?rest_route=\/wp\/v2\/posts\/140\/revisions\/141"}],"wp:attachment":[{"href":"https:\/\/www.schuetzgesellschaft.de\/index.php?rest_route=%2Fwp%2Fv2%2Fmedia&parent=140"}],"wp:term":[{"taxonomy":"category","embeddable":true,"href":"https:\/\/www.schuetzgesellschaft.de\/index.php?rest_route=%2Fwp%2Fv2%2Fcategories&post=140"},{"taxonomy":"post_tag","embeddable":true,"href":"https:\/\/www.schuetzgesellschaft.de\/index.php?rest_route=%2Fwp%2Fv2%2Ftags&post=140"}],"curies":[{"name":"wp","href":"https:\/\/api.w.org\/{rel}","templated":true}]}}